{"id":411,"date":"2022-05-19T20:44:12","date_gmt":"2022-05-19T18:44:12","guid":{"rendered":"http:\/\/www.identici.org\/?p=411"},"modified":"2022-05-19T20:44:12","modified_gmt":"2022-05-19T18:44:12","slug":"lavagna-18-06-2022","status":"publish","type":"post","link":"https:\/\/www.identici.org\/?p=411","title":{"rendered":"Lavagna 18-06-2022"},"content":{"rendered":"<p><img decoding=\"async\" loading=\"lazy\" class=\"alignright wp-image-412 \" src=\"http:\/\/www.identici.org\/wp-content\/uploads\/2022\/05\/Il_Parco_Portofino1_d0_d0.jpg\" alt=\"\" width=\"651\" height=\"433\" srcset=\"https:\/\/www.identici.org\/wp-content\/uploads\/2022\/05\/Il_Parco_Portofino1_d0_d0.jpg 850w, https:\/\/www.identici.org\/wp-content\/uploads\/2022\/05\/Il_Parco_Portofino1_d0_d0-300x199.jpg 300w, https:\/\/www.identici.org\/wp-content\/uploads\/2022\/05\/Il_Parco_Portofino1_d0_d0-768x510.jpg 768w, https:\/\/www.identici.org\/wp-content\/uploads\/2022\/05\/Il_Parco_Portofino1_d0_d0-527x350.jpg 527w, https:\/\/www.identici.org\/wp-content\/uploads\/2022\/05\/Il_Parco_Portofino1_d0_d0-150x100.jpg 150w\" sizes=\"(max-width: 651px) 100vw, 651px\" \/>Ciao a tutti amici,<\/p>\n<p>siamo lieti di annunciarvi la prima gita della stagione!<\/p>\n<p>Sabato 18 Giugno 2022 torniamo a trovare i nostri amici di Massub a Lavagna per andare a fare 2 bellissime immersioni in Liguria!<\/p>\n<p>Programma :<br \/>\nRitrovo ore 4:45 presso il parcheggio della coop di via Faentina ore 5:00<br \/>\nPartenza ore 5:00<br \/>\nViaggio verso Lavagna<br \/>\n2 Immersioni con snack di intermezzo (con prodotti locali genuini)<br \/>\nPranzo<br \/>\nRientro per l\u2019ora di cena<\/p>\n<p>costo immersioni: 85\u20ac<br \/>\ncaparra da versare all\u2019atto della prenotazione: 50 \u20ac<\/p>\n<p>coloro che fossero interessati potranno confermare via mail a info@identici.org inviando ricevuta del bonifico sul c\\c : IT 26 U 0200813114000103525286 causale \u201ccaparra Lavagna 18-06\u201d seguito dal nome del\\i partecipanti.<\/p>\n<p>Infine vi starete chiedendo\u2026ma la gita estiva? per qualche problema tecnico e logistico non siamo riusciti ad organizzarla per giugno e andremo a settembre\u2026che l\u2019acqua \u00e8 anche pi\u00f9 calda che a Giugno(e la notturna \u00e8 davvero notturna)!!!!<\/p>\n","protected":false},"excerpt":{"rendered":"<p>Ciao a tutti amici, siamo lieti di annunciarvi la prima gita della stagione! Sabato 18 Giugno 2022 torniamo a trovare i nostri amici di Massub a Lavagna per andare a fare 2 bellissime immersioni in Liguria! Programma : Ritrovo ore 4:45 presso il parcheggio della coop di via Faentina ore 5:00 Partenza ore 5:00 Viaggio &hellip;<\/p>\n<p class=\"read-more\"> <a class=\"\" href=\"https:\/\/www.identici.org\/?p=411\"> <span class=\"screen-reader-text\">Lavagna 18-06-2022<\/span> Leggi altro &raquo;<\/a><\/p>\n","protected":false},"author":2,"featured_media":0,"comment_status":"closed","ping_status":"closed","sticky":false,"template":"","format":"standard","meta":{"site-sidebar-layout":"default","site-content-layout":"default","ast-global-header-display":"","ast-main-header-display":"","ast-hfb-above-header-display":"","ast-hfb-below-header-display":"","ast-hfb-mobile-header-display":"","site-post-title":"","ast-breadcrumbs-content":"","ast-featured-img":"","footer-sml-layout":"","theme-transparent-header-meta":"","adv-header-id-meta":"","stick-header-meta":"","header-above-stick-meta":"","header-main-stick-meta":"","header-below-stick-meta":""},"categories":[6,4,2],"tags":[],"aioseo_notices":[],"_links":{"self":[{"href":"https:\/\/www.identici.org\/index.php?rest_route=\/wp\/v2\/posts\/411"}],"collection":[{"href":"https:\/\/www.identici.org\/index.php?rest_route=\/wp\/v2\/posts"}],"about":[{"href":"https:\/\/www.identici.org\/index.php?rest_route=\/wp\/v2\/types\/post"}],"author":[{"embeddable":true,"href":"https:\/\/www.identici.org\/index.php?rest_route=\/wp\/v2\/users\/2"}],"replies":[{"embeddable":true,"href":"https:\/\/www.identici.org\/index.php?rest_route=%2Fwp%2Fv2%2Fcomments&post=411"}],"version-history":[{"count":1,"href":"https:\/\/www.identici.org\/index.php?rest_route=\/wp\/v2\/posts\/411\/revisions"}],"predecessor-version":[{"id":413,"href":"https:\/\/www.identici.org\/index.php?rest_route=\/wp\/v2\/posts\/411\/revisions\/413"}],"wp:attachment":[{"href":"https:\/\/www.identici.org\/index.php?rest_route=%2Fwp%2Fv2%2Fmedia&parent=411"}],"wp:term":[{"taxonomy":"category","embeddable":true,"href":"https:\/\/www.identici.org\/index.php?rest_route=%2Fwp%2Fv2%2Fcategories&post=411"},{"taxonomy":"post_tag","embeddable":true,"href":"https:\/\/www.identici.org\/index.php?rest_route=%2Fwp%2Fv2%2Ftags&post=411"}],"curies":[{"name":"wp","href":"https:\/\/api.w.org\/{rel}","templated":true}]}}