{"id":394,"date":"2021-09-01T19:41:17","date_gmt":"2021-09-01T17:41:17","guid":{"rendered":"http:\/\/www.identici.org\/?p=394"},"modified":"2021-09-08T19:42:08","modified_gmt":"2021-09-08T17:42:08","slug":"mar-rosso-2021-sharm-el-sheik","status":"publish","type":"post","link":"https:\/\/www.identici.org\/?p=394","title":{"rendered":"Mar Rosso 2021 &#8211; Sharm El Sheik"},"content":{"rendered":"<p>Ciao a tutti amici,<\/p>\n<p>come vi avevamo promesso, abbiamo esaudito il vostro desiderio!!!<\/p>\n<p>Andiamo in Mar Rosso!!!<\/p>\n<p>La localit\u00e0 come avrete intuito \u00e8 Sharm El Sheik, il villaggio \u00e8 l\u2019EDEN VILLAGE CLUB REEF BEACH RESORT<\/p>\n<p>Trovate il volantino con tutte le informazioni alla fine della mail!!!<\/p>\n<p>Per info e prenotazioni scriveteci o telefonateci!!!<\/p>\n<p><a href=\"http:\/\/www.identici.org\/wp-content\/uploads\/2021\/09\/IDENTICI_SHARM_2021.02.pdf\">VOLANTINO<\/a><\/p>\n","protected":false},"excerpt":{"rendered":"<p>Ciao a tutti amici, come vi avevamo promesso, abbiamo esaudito il vostro desiderio!!! Andiamo in Mar Rosso!!! La localit\u00e0 come avrete intuito \u00e8 Sharm El Sheik, il villaggio \u00e8 l\u2019EDEN VILLAGE CLUB REEF BEACH RESORT Trovate il volantino con tutte le informazioni alla fine della mail!!! Per info e prenotazioni scriveteci o telefonateci!!! VOLANTINO<\/p>\n","protected":false},"author":2,"featured_media":0,"comment_status":"closed","ping_status":"closed","sticky":false,"template":"","format":"standard","meta":{"site-sidebar-layout":"default","site-content-layout":"default","ast-global-header-display":"","ast-main-header-display":"","ast-hfb-above-header-display":"","ast-hfb-below-header-display":"","ast-hfb-mobile-header-display":"","site-post-title":"","ast-breadcrumbs-content":"","ast-featured-img":"","footer-sml-layout":"","theme-transparent-header-meta":"","adv-header-id-meta":"","stick-header-meta":"","header-above-stick-meta":"","header-main-stick-meta":"","header-below-stick-meta":""},"categories":[7],"tags":[],"aioseo_notices":[],"_links":{"self":[{"href":"https:\/\/www.identici.org\/index.php?rest_route=\/wp\/v2\/posts\/394"}],"collection":[{"href":"https:\/\/www.identici.org\/index.php?rest_route=\/wp\/v2\/posts"}],"about":[{"href":"https:\/\/www.identici.org\/index.php?rest_route=\/wp\/v2\/types\/post"}],"author":[{"embeddable":true,"href":"https:\/\/www.identici.org\/index.php?rest_route=\/wp\/v2\/users\/2"}],"replies":[{"embeddable":true,"href":"https:\/\/www.identici.org\/index.php?rest_route=%2Fwp%2Fv2%2Fcomments&post=394"}],"version-history":[{"count":3,"href":"https:\/\/www.identici.org\/index.php?rest_route=\/wp\/v2\/posts\/394\/revisions"}],"predecessor-version":[{"id":398,"href":"https:\/\/www.identici.org\/index.php?rest_route=\/wp\/v2\/posts\/394\/revisions\/398"}],"wp:attachment":[{"href":"https:\/\/www.identici.org\/index.php?rest_route=%2Fwp%2Fv2%2Fmedia&parent=394"}],"wp:term":[{"taxonomy":"category","embeddable":true,"href":"https:\/\/www.identici.org\/index.php?rest_route=%2Fwp%2Fv2%2Fcategories&post=394"},{"taxonomy":"post_tag","embeddable":true,"href":"https:\/\/www.identici.org\/index.php?rest_route=%2Fwp%2Fv2%2Ftags&post=394"}],"curies":[{"name":"wp","href":"https:\/\/api.w.org\/{rel}","templated":true}]}}