{"id":352,"date":"2019-12-02T07:40:52","date_gmt":"2019-12-02T06:40:52","guid":{"rendered":"http:\/\/www.identici.org\/?p=352"},"modified":"2019-12-07T16:51:19","modified_gmt":"2019-12-07T15:51:19","slug":"presentazione-corsi-sub-9-gennaio-2020","status":"publish","type":"post","link":"https:\/\/www.identici.org\/?p=352","title":{"rendered":"Presentazione corsi sub &#8211; 9 Gennaio 2020"},"content":{"rendered":"<p>Ciao a tutti amici, il mar rosso \u00e8 passato,<br \/>\nil freddo ormai \u00e8 inevitabile&#8230;quindi \u00e8 ora di CORSI!!!!<\/p>\n<p>Stiamo organizzando per l&#8217;inizio dell&#8217;anno corsi a tutti i livelli,<br \/>\ndall&#8217; open a quelli pi\u00f9 avanzati, sei curioso di iniziare? non farti sfuggire l&#8217;occasione!!!<\/p>\n<p>Il 9 Gennaio presso la nostra sede in via Faentina 30 alle ore 20:30<br \/>\nci sar\u00e0 la presentazione dei corsi per la stagione 2020.<\/p>\n<p>Se hai domande o dubbi non esitare a scriverci a <a href=\"mailto:info@identici.org\">info@identici.org<\/a><\/p>\n<p><img decoding=\"async\" loading=\"lazy\" class=\"alignleft size-medium wp-image-356\" src=\"http:\/\/www.identici.org\/wp-content\/uploads\/2019\/12\/prresetazioe-300x225.jpg\" alt=\"\" width=\"300\" height=\"225\" srcset=\"https:\/\/www.identici.org\/wp-content\/uploads\/2019\/12\/prresetazioe-300x225.jpg 300w, https:\/\/www.identici.org\/wp-content\/uploads\/2019\/12\/prresetazioe-768x576.jpg 768w, https:\/\/www.identici.org\/wp-content\/uploads\/2019\/12\/prresetazioe-1024x768.jpg 1024w, https:\/\/www.identici.org\/wp-content\/uploads\/2019\/12\/prresetazioe-467x350.jpg 467w, https:\/\/www.identici.org\/wp-content\/uploads\/2019\/12\/prresetazioe-150x113.jpg 150w, https:\/\/www.identici.org\/wp-content\/uploads\/2019\/12\/prresetazioe.jpg 2000w\" sizes=\"(max-width: 300px) 100vw, 300px\" \/><\/p>\n","protected":false},"excerpt":{"rendered":"<p>Ciao a tutti amici, il mar rosso \u00e8 passato, il freddo ormai \u00e8 inevitabile&#8230;quindi \u00e8 ora di CORSI!!!! Stiamo organizzando per l&#8217;inizio dell&#8217;anno corsi a tutti i livelli, dall&#8217; open a quelli pi\u00f9 avanzati, sei curioso di iniziare? non farti sfuggire l&#8217;occasione!!! Il 9 Gennaio presso la nostra sede in via Faentina 30 alle ore &hellip;<\/p>\n<p class=\"read-more\"> <a class=\"\" href=\"https:\/\/www.identici.org\/?p=352\"> <span class=\"screen-reader-text\">Presentazione corsi sub &#8211; 9 Gennaio 2020<\/span> Leggi altro &raquo;<\/a><\/p>\n","protected":false},"author":2,"featured_media":0,"comment_status":"closed","ping_status":"closed","sticky":false,"template":"","format":"standard","meta":{"site-sidebar-layout":"default","site-content-layout":"default","ast-global-header-display":"","ast-main-header-display":"","ast-hfb-above-header-display":"","ast-hfb-below-header-display":"","ast-hfb-mobile-header-display":"","site-post-title":"","ast-breadcrumbs-content":"","ast-featured-img":"","footer-sml-layout":"","theme-transparent-header-meta":"","adv-header-id-meta":"","stick-header-meta":"","header-above-stick-meta":"","header-main-stick-meta":"","header-below-stick-meta":""},"categories":[3],"tags":[],"aioseo_notices":[],"_links":{"self":[{"href":"https:\/\/www.identici.org\/index.php?rest_route=\/wp\/v2\/posts\/352"}],"collection":[{"href":"https:\/\/www.identici.org\/index.php?rest_route=\/wp\/v2\/posts"}],"about":[{"href":"https:\/\/www.identici.org\/index.php?rest_route=\/wp\/v2\/types\/post"}],"author":[{"embeddable":true,"href":"https:\/\/www.identici.org\/index.php?rest_route=\/wp\/v2\/users\/2"}],"replies":[{"embeddable":true,"href":"https:\/\/www.identici.org\/index.php?rest_route=%2Fwp%2Fv2%2Fcomments&post=352"}],"version-history":[{"count":3,"href":"https:\/\/www.identici.org\/index.php?rest_route=\/wp\/v2\/posts\/352\/revisions"}],"predecessor-version":[{"id":358,"href":"https:\/\/www.identici.org\/index.php?rest_route=\/wp\/v2\/posts\/352\/revisions\/358"}],"wp:attachment":[{"href":"https:\/\/www.identici.org\/index.php?rest_route=%2Fwp%2Fv2%2Fmedia&parent=352"}],"wp:term":[{"taxonomy":"category","embeddable":true,"href":"https:\/\/www.identici.org\/index.php?rest_route=%2Fwp%2Fv2%2Fcategories&post=352"},{"taxonomy":"post_tag","embeddable":true,"href":"https:\/\/www.identici.org\/index.php?rest_route=%2Fwp%2Fv2%2Ftags&post=352"}],"curies":[{"name":"wp","href":"https:\/\/api.w.org\/{rel}","templated":true}]}}