{"id":339,"date":"2019-11-23T08:12:23","date_gmt":"2019-11-23T07:12:23","guid":{"rendered":"http:\/\/www.identici.org\/?p=339"},"modified":"2019-12-02T07:31:08","modified_gmt":"2019-12-02T06:31:08","slug":"cena-invernale-2019","status":"publish","type":"post","link":"https:\/\/www.identici.org\/?p=339","title":{"rendered":"Cena Invernale &#8211; 20 Dicembre 2019 @ Agriturismo La Valletta"},"content":{"rendered":"<p>Ciao a tutti amici, vi starete chiedendo&#8230;e la cena?ma quanno se magna?<\/p>\n<p>La risposta \u00e8 <strong>Venerdi 20 Dicembre 2019 alle ore 20:30<\/strong><br \/>\npresso l&#8217; <strong>Agriturismo La Valletta <\/strong>in Via Forello 21 a Sant&#8217;Alberto (RA).<\/p>\n<p>Il <strong>menu<\/strong> prevede<\/p>\n<p>antipasto con affettati, formaggi e crostini misti.<br \/>\ngrigliata mista con verdure e patate.<br \/>\nAcqua, vino e caff\u00e8<\/p>\n<p>il tutto a <strong>25\u20ac<\/strong> a testa.<\/p>\n<p>Inoltre verranno consegnati i <em>brevetti<\/em> ed alcuni <em>importanti riconoscimenti<\/em> a coloro che si sono distinti in quest&#8217;anno.<\/p>\n<p>Come ogni anno la cena sar\u00e0 anche la prima occasione per<strong> rinnovare la tessera associativa <\/strong>che anche quest&#8217;anno \u00e8 di <strong>40 \u20ac<\/strong><\/p>\n<p>vi aspettiamo numerosi, perch\u00e8 pi\u00f9 siamo pi\u00f9 ci divertiamo.<\/p>\n<p>Per info e prenotazioni scriveteci a: <a href=\"mailto:info@identici.org\">info@identici.org<\/a><\/p>\n<p>a presto<\/p>\n","protected":false},"excerpt":{"rendered":"<p>Ciao a tutti amici, vi starete chiedendo&#8230;e la cena?ma quanno se magna? La risposta \u00e8 Venerdi 20 Dicembre 2019 alle ore 20:30 presso l&#8217; Agriturismo La Valletta in Via Forello 21 a Sant&#8217;Alberto (RA). Il menu prevede antipasto con affettati, formaggi e crostini misti. grigliata mista con verdure e patate. Acqua, vino e caff\u00e8 il &hellip;<\/p>\n<p class=\"read-more\"> <a class=\"\" href=\"https:\/\/www.identici.org\/?p=339\"> <span class=\"screen-reader-text\">Cena Invernale &#8211; 20 Dicembre 2019 @ Agriturismo La Valletta<\/span> Leggi altro &raquo;<\/a><\/p>\n","protected":false},"author":2,"featured_media":0,"comment_status":"closed","ping_status":"closed","sticky":false,"template":"","format":"standard","meta":{"site-sidebar-layout":"default","site-content-layout":"default","ast-global-header-display":"","ast-main-header-display":"","ast-hfb-above-header-display":"","ast-hfb-below-header-display":"","ast-hfb-mobile-header-display":"","site-post-title":"","ast-breadcrumbs-content":"","ast-featured-img":"","footer-sml-layout":"","theme-transparent-header-meta":"","adv-header-id-meta":"","stick-header-meta":"","header-above-stick-meta":"","header-main-stick-meta":"","header-below-stick-meta":""},"categories":[5],"tags":[],"aioseo_notices":[],"_links":{"self":[{"href":"https:\/\/www.identici.org\/index.php?rest_route=\/wp\/v2\/posts\/339"}],"collection":[{"href":"https:\/\/www.identici.org\/index.php?rest_route=\/wp\/v2\/posts"}],"about":[{"href":"https:\/\/www.identici.org\/index.php?rest_route=\/wp\/v2\/types\/post"}],"author":[{"embeddable":true,"href":"https:\/\/www.identici.org\/index.php?rest_route=\/wp\/v2\/users\/2"}],"replies":[{"embeddable":true,"href":"https:\/\/www.identici.org\/index.php?rest_route=%2Fwp%2Fv2%2Fcomments&post=339"}],"version-history":[{"count":6,"href":"https:\/\/www.identici.org\/index.php?rest_route=\/wp\/v2\/posts\/339\/revisions"}],"predecessor-version":[{"id":351,"href":"https:\/\/www.identici.org\/index.php?rest_route=\/wp\/v2\/posts\/339\/revisions\/351"}],"wp:attachment":[{"href":"https:\/\/www.identici.org\/index.php?rest_route=%2Fwp%2Fv2%2Fmedia&parent=339"}],"wp:term":[{"taxonomy":"category","embeddable":true,"href":"https:\/\/www.identici.org\/index.php?rest_route=%2Fwp%2Fv2%2Fcategories&post=339"},{"taxonomy":"post_tag","embeddable":true,"href":"https:\/\/www.identici.org\/index.php?rest_route=%2Fwp%2Fv2%2Ftags&post=339"}],"curies":[{"name":"wp","href":"https:\/\/api.w.org\/{rel}","templated":true}]}}