{"id":317,"date":"2019-04-20T10:28:21","date_gmt":"2019-04-20T08:28:21","guid":{"rendered":"http:\/\/www.identici.org\/?p=317"},"modified":"2019-04-20T10:30:41","modified_gmt":"2019-04-20T08:30:41","slug":"gita-estiva-isola-delba-14-16-giugno","status":"publish","type":"post","link":"https:\/\/www.identici.org\/?p=317","title":{"rendered":"Gita Estiva: Isola d&#8217;Elba 14-16 Giugno 2019"},"content":{"rendered":"<p>Come ogni hanno giugno vuol dire gita, vuol dire esami, vuol dire mare.<br \/>\nPer quest&#8217;anno abbiamo pensato all&#8217;isola d&#8217;Elba che non visitiamo da un po&#8217;, Marciana Marina \u00e8 una garanzia di bellezza per le sue spiagge e l&#8217;ospitalit\u00e0 del posto,il diving sempre efficiente e attento alle nostre esigenze.<br \/>\nIl periodo \u00e8 dal 14 al 16 Giugno per maggiori dettagli o se avete dubbi o domande non esitate a contattarci per mail a info@identici.org o sulla nostra pagina facebook<\/p>\n","protected":false},"excerpt":{"rendered":"<p>Come ogni hanno giugno vuol dire gita, vuol dire esami, vuol dire mare. Per quest&#8217;anno abbiamo pensato all&#8217;isola d&#8217;Elba che non visitiamo da un po&#8217;, Marciana Marina \u00e8 una garanzia di bellezza per le sue spiagge e l&#8217;ospitalit\u00e0 del posto,il diving sempre efficiente e attento alle nostre esigenze. Il periodo \u00e8 dal 14 al 16 &hellip;<\/p>\n<p class=\"read-more\"> <a class=\"\" href=\"https:\/\/www.identici.org\/?p=317\"> <span class=\"screen-reader-text\">Gita Estiva: Isola d&#8217;Elba 14-16 Giugno 2019<\/span> Leggi altro &raquo;<\/a><\/p>\n","protected":false},"author":2,"featured_media":0,"comment_status":"closed","ping_status":"closed","sticky":false,"template":"","format":"standard","meta":{"site-sidebar-layout":"default","site-content-layout":"default","ast-global-header-display":"","ast-main-header-display":"","ast-hfb-above-header-display":"","ast-hfb-below-header-display":"","ast-hfb-mobile-header-display":"","site-post-title":"","ast-breadcrumbs-content":"","ast-featured-img":"","footer-sml-layout":"","theme-transparent-header-meta":"","adv-header-id-meta":"","stick-header-meta":"","header-above-stick-meta":"","header-main-stick-meta":"","header-below-stick-meta":""},"categories":[7],"tags":[],"aioseo_notices":[],"_links":{"self":[{"href":"https:\/\/www.identici.org\/index.php?rest_route=\/wp\/v2\/posts\/317"}],"collection":[{"href":"https:\/\/www.identici.org\/index.php?rest_route=\/wp\/v2\/posts"}],"about":[{"href":"https:\/\/www.identici.org\/index.php?rest_route=\/wp\/v2\/types\/post"}],"author":[{"embeddable":true,"href":"https:\/\/www.identici.org\/index.php?rest_route=\/wp\/v2\/users\/2"}],"replies":[{"embeddable":true,"href":"https:\/\/www.identici.org\/index.php?rest_route=%2Fwp%2Fv2%2Fcomments&post=317"}],"version-history":[{"count":2,"href":"https:\/\/www.identici.org\/index.php?rest_route=\/wp\/v2\/posts\/317\/revisions"}],"predecessor-version":[{"id":322,"href":"https:\/\/www.identici.org\/index.php?rest_route=\/wp\/v2\/posts\/317\/revisions\/322"}],"wp:attachment":[{"href":"https:\/\/www.identici.org\/index.php?rest_route=%2Fwp%2Fv2%2Fmedia&parent=317"}],"wp:term":[{"taxonomy":"category","embeddable":true,"href":"https:\/\/www.identici.org\/index.php?rest_route=%2Fwp%2Fv2%2Fcategories&post=317"},{"taxonomy":"post_tag","embeddable":true,"href":"https:\/\/www.identici.org\/index.php?rest_route=%2Fwp%2Fv2%2Ftags&post=317"}],"curies":[{"name":"wp","href":"https:\/\/api.w.org\/{rel}","templated":true}]}}