{"id":229,"date":"2018-05-10T07:13:05","date_gmt":"2018-05-10T05:13:05","guid":{"rendered":"http:\/\/www.identici.org\/?p=229"},"modified":"2018-05-10T07:13:05","modified_gmt":"2018-05-10T05:13:05","slug":"immersioni-relitto-piattaforma-paguro-4-agosto-2018","status":"publish","type":"post","link":"https:\/\/www.identici.org\/?p=229","title":{"rendered":"Immersioni : Relitto Piattaforma Paguro &#8211; 4 agosto 2018"},"content":{"rendered":"<p>Anche quest&#8217;anno andiamo a visitare la riserva marina pi\u00f9 vicina a noi, abbiamo scelto come data sabato 4 Agosto, dato che l&#8217;ospitalit\u00e0 \u00e8 ottima confermiamo anche la barca che rimane la motonave Elisa, come sempre l&#8217;imbarco alle 9:30 e dopo circa novanta minuti di navigazione raggiungeremo il sito di immersione.<\/p>\n<p>Per info e prenotazioni&nbsp;<a href=\"info@identici.org\">info@identici.org<\/a>&nbsp;alla prenotazione sar\u00e0 richiesto il versamento di una piccola caparra<\/p>\n","protected":false},"excerpt":{"rendered":"<p>Anche quest&#8217;anno andiamo a visitare la riserva marina pi\u00f9 vicina a noi, abbiamo scelto come data sabato 4 Agosto, dato che l&#8217;ospitalit\u00e0 \u00e8 ottima confermiamo anche la barca che rimane la motonave Elisa, come sempre l&#8217;imbarco alle 9:30 e dopo circa novanta minuti di navigazione raggiungeremo il sito di immersione. Per info e prenotazioni&nbsp;info@identici.org&nbsp;alla prenotazione &hellip;<\/p>\n<p class=\"read-more\"> <a class=\"\" href=\"https:\/\/www.identici.org\/?p=229\"> <span class=\"screen-reader-text\">Immersioni : Relitto Piattaforma Paguro &#8211; 4 agosto 2018<\/span> Leggi altro &raquo;<\/a><\/p>\n","protected":false},"author":2,"featured_media":0,"comment_status":"closed","ping_status":"closed","sticky":false,"template":"","format":"standard","meta":{"site-sidebar-layout":"default","site-content-layout":"default","ast-global-header-display":"","ast-main-header-display":"","ast-hfb-above-header-display":"","ast-hfb-below-header-display":"","ast-hfb-mobile-header-display":"","site-post-title":"","ast-breadcrumbs-content":"","ast-featured-img":"","footer-sml-layout":"","theme-transparent-header-meta":"","adv-header-id-meta":"","stick-header-meta":"","header-above-stick-meta":"","header-main-stick-meta":"","header-below-stick-meta":""},"categories":[6,4],"tags":[],"aioseo_notices":[],"_links":{"self":[{"href":"https:\/\/www.identici.org\/index.php?rest_route=\/wp\/v2\/posts\/229"}],"collection":[{"href":"https:\/\/www.identici.org\/index.php?rest_route=\/wp\/v2\/posts"}],"about":[{"href":"https:\/\/www.identici.org\/index.php?rest_route=\/wp\/v2\/types\/post"}],"author":[{"embeddable":true,"href":"https:\/\/www.identici.org\/index.php?rest_route=\/wp\/v2\/users\/2"}],"replies":[{"embeddable":true,"href":"https:\/\/www.identici.org\/index.php?rest_route=%2Fwp%2Fv2%2Fcomments&post=229"}],"version-history":[{"count":1,"href":"https:\/\/www.identici.org\/index.php?rest_route=\/wp\/v2\/posts\/229\/revisions"}],"predecessor-version":[{"id":230,"href":"https:\/\/www.identici.org\/index.php?rest_route=\/wp\/v2\/posts\/229\/revisions\/230"}],"wp:attachment":[{"href":"https:\/\/www.identici.org\/index.php?rest_route=%2Fwp%2Fv2%2Fmedia&parent=229"}],"wp:term":[{"taxonomy":"category","embeddable":true,"href":"https:\/\/www.identici.org\/index.php?rest_route=%2Fwp%2Fv2%2Fcategories&post=229"},{"taxonomy":"post_tag","embeddable":true,"href":"https:\/\/www.identici.org\/index.php?rest_route=%2Fwp%2Fv2%2Ftags&post=229"}],"curies":[{"name":"wp","href":"https:\/\/api.w.org\/{rel}","templated":true}]}}