{"id":176,"date":"2017-11-24T12:37:03","date_gmt":"2017-11-24T11:37:03","guid":{"rendered":"http:\/\/www.identici.org\/?p=176"},"modified":"2017-11-24T12:37:03","modified_gmt":"2017-11-24T11:37:03","slug":"prove-sub-15-dicembre","status":"publish","type":"post","link":"https:\/\/www.identici.org\/?p=176","title":{"rendered":"Prove Sub  &#8211; 15 Dicembre"},"content":{"rendered":"<p><img decoding=\"async\" loading=\"lazy\" class=\"size-medium wp-image-178 alignleft\" src=\"http:\/\/www.identici.org\/wp-content\/uploads\/2017\/11\/Discovery2017_s-300x225.png\" alt=\"\" width=\"300\" height=\"225\" srcset=\"https:\/\/www.identici.org\/wp-content\/uploads\/2017\/11\/Discovery2017_s-300x225.png 300w, https:\/\/www.identici.org\/wp-content\/uploads\/2017\/11\/Discovery2017_s-768x576.png 768w, https:\/\/www.identici.org\/wp-content\/uploads\/2017\/11\/Discovery2017_s-467x350.png 467w, https:\/\/www.identici.org\/wp-content\/uploads\/2017\/11\/Discovery2017_s-150x113.png 150w, https:\/\/www.identici.org\/wp-content\/uploads\/2017\/11\/Discovery2017_s.png 800w\" sizes=\"(max-width: 300px) 100vw, 300px\" \/>Ti sei mai chiesto come sarebbe poter respirare sott&#8217;acqua?<br \/>\nHai mai voluto provare a farlo?<br \/>\nSe vuoi scoprirlo senza impegno e capire se ti piace vieni a trovarci in piscina, presso il centro sportivo aquae di Porto Fuori a Ravenna,il 15 dicembre dalle ore 21 saremo l\u00ec per regalarti questa opportunit\u00e0<\/p>\n<p>Non \u00e8 un vero corso di certificazione ma otterrai una rapida e facile introduzione di cosa sia l\u2019esplorazione del mondo sommerso.<\/p>\n<p>Apprenderai i concetti basilari che ti servono ad immergerti sotto la diretta supervision di un Professionista SSI. Una delle cose che imparerai \u00e8 che puoi veramente respirare sott\u2019acqua, se ti piace farlo oppure no.<\/p>\n<p>Scoprirai come ci si sente con l\u2019attrezzatura subacquea indosso, quanto sia facile muoversi sott\u2019acqua grazie ad essa e cosa si prova a respirare sott\u2019acqua e come tu riesca a farlo facilmente.<\/p>\n<p>Tutto ci\u00f2 che ti serve \u00e8 il costume, la curiosit\u00e0 e l&#8217;entusiasmo al resto ci pensiamo noi!!!<\/p>\n<p>per info e prenotazioni <a href=\"mailto:info@identici.org\">info@identici.org<\/a><\/p>\n","protected":false},"excerpt":{"rendered":"<p>Vieni a provare l&#8217;emozione di respirare sott&#8217;acqua, Venerdi 15 Dicembre alle ore 21 presso il centro sportivo Aquae di Proto Fuori<\/p>\n","protected":false},"author":2,"featured_media":0,"comment_status":"closed","ping_status":"closed","sticky":false,"template":"","format":"standard","meta":{"site-sidebar-layout":"default","site-content-layout":"default","ast-global-header-display":"","ast-main-header-display":"","ast-hfb-above-header-display":"","ast-hfb-below-header-display":"","ast-hfb-mobile-header-display":"","site-post-title":"","ast-breadcrumbs-content":"","ast-featured-img":"","footer-sml-layout":"","theme-transparent-header-meta":"","adv-header-id-meta":"","stick-header-meta":"","header-above-stick-meta":"","header-main-stick-meta":"","header-below-stick-meta":""},"categories":[3],"tags":[],"aioseo_notices":[],"_links":{"self":[{"href":"https:\/\/www.identici.org\/index.php?rest_route=\/wp\/v2\/posts\/176"}],"collection":[{"href":"https:\/\/www.identici.org\/index.php?rest_route=\/wp\/v2\/posts"}],"about":[{"href":"https:\/\/www.identici.org\/index.php?rest_route=\/wp\/v2\/types\/post"}],"author":[{"embeddable":true,"href":"https:\/\/www.identici.org\/index.php?rest_route=\/wp\/v2\/users\/2"}],"replies":[{"embeddable":true,"href":"https:\/\/www.identici.org\/index.php?rest_route=%2Fwp%2Fv2%2Fcomments&post=176"}],"version-history":[{"count":2,"href":"https:\/\/www.identici.org\/index.php?rest_route=\/wp\/v2\/posts\/176\/revisions"}],"predecessor-version":[{"id":180,"href":"https:\/\/www.identici.org\/index.php?rest_route=\/wp\/v2\/posts\/176\/revisions\/180"}],"wp:attachment":[{"href":"https:\/\/www.identici.org\/index.php?rest_route=%2Fwp%2Fv2%2Fmedia&parent=176"}],"wp:term":[{"taxonomy":"category","embeddable":true,"href":"https:\/\/www.identici.org\/index.php?rest_route=%2Fwp%2Fv2%2Fcategories&post=176"},{"taxonomy":"post_tag","embeddable":true,"href":"https:\/\/www.identici.org\/index.php?rest_route=%2Fwp%2Fv2%2Ftags&post=176"}],"curies":[{"name":"wp","href":"https:\/\/api.w.org\/{rel}","templated":true}]}}